{"id":160,"date":"2017-07-18T20:08:58","date_gmt":"2017-07-18T20:08:58","guid":{"rendered":"https:\/\/sagteleco.com\/blog\/?p=160"},"modified":"2017-07-19T14:24:30","modified_gmt":"2017-07-19T14:24:30","slug":"taller-reparacion-amplificador-televes-kompact-5310","status":"publish","type":"post","link":"https:\/\/sagteleco.com\/index.php\/2017\/07\/18\/taller-reparacion-amplificador-televes-kompact-5310\/","title":{"rendered":"TALLER &#8211; Reparaci\u00f3n Amplificador Televes Kompact 5310"},"content":{"rendered":"<h2>REPARAR NO CAMBIAR<\/h2>\n<p>Cualquier instalador cambia equipos averiados. Pero la ventaja para nuestros clientes de disponer TALLER electr\u00f3nico hace<\/p>\n<p><!--more-->\u00a0que podamos dar otra soluci\u00f3n. E<span style=\"font-size: 1rem;\">n este caso reparar un amplificador Kompact televes 5310. Con el evidente ahorro econ\u00f3mico final. Y siempre garantizando el \u00f3ptimo funcionamiento.<\/span><\/p>\n<p>Tras el aviso del administrador de fincas indicando la incidencia comprobamos que el amplificador no enciende.<\/p>\n<p><img data-recalc-dims=\"1\" loading=\"lazy\" decoding=\"async\" data-attachment-id=\"161\" data-permalink=\"https:\/\/sagteleco.com\/index.php\/2017\/07\/18\/taller-reparacion-amplificador-televes-kompact-5310\/img-20170718-wa0004\/#main\" data-orig-file=\"https:\/\/i0.wp.com\/sagteleco.com\/wp-content\/uploads\/2017\/07\/IMG-20170718-WA0004.jpg?fit=1600%2C843&amp;ssl=1\" data-orig-size=\"1600,843\" data-comments-opened=\"1\" data-image-meta=\"{&quot;aperture&quot;:&quot;0&quot;,&quot;credit&quot;:&quot;&quot;,&quot;camera&quot;:&quot;&quot;,&quot;caption&quot;:&quot;&quot;,&quot;created_timestamp&quot;:&quot;0&quot;,&quot;copyright&quot;:&quot;&quot;,&quot;focal_length&quot;:&quot;0&quot;,&quot;iso&quot;:&quot;0&quot;,&quot;shutter_speed&quot;:&quot;0&quot;,&quot;title&quot;:&quot;&quot;,&quot;orientation&quot;:&quot;0&quot;}\" data-image-title=\"IMG-20170718-WA0004\" data-image-description=\"\" data-image-caption=\"\" data-large-file=\"https:\/\/i0.wp.com\/sagteleco.com\/wp-content\/uploads\/2017\/07\/IMG-20170718-WA0004.jpg?fit=1024%2C540&amp;ssl=1\" class=\"alignnone size-medium wp-image-161\" src=\"https:\/\/i0.wp.com\/sagteleco.com\/blog\/wp-content\/uploads\/2017\/07\/IMG-20170718-WA0004-300x158.jpg?resize=300%2C158&#038;ssl=1\" alt=\"\" width=\"300\" height=\"158\" srcset=\"https:\/\/i0.wp.com\/sagteleco.com\/wp-content\/uploads\/2017\/07\/IMG-20170718-WA0004.jpg?resize=300%2C158&amp;ssl=1 300w, https:\/\/i0.wp.com\/sagteleco.com\/wp-content\/uploads\/2017\/07\/IMG-20170718-WA0004.jpg?resize=768%2C405&amp;ssl=1 768w, https:\/\/i0.wp.com\/sagteleco.com\/wp-content\/uploads\/2017\/07\/IMG-20170718-WA0004.jpg?resize=1024%2C540&amp;ssl=1 1024w, https:\/\/i0.wp.com\/sagteleco.com\/wp-content\/uploads\/2017\/07\/IMG-20170718-WA0004.jpg?resize=624%2C329&amp;ssl=1 624w, https:\/\/i0.wp.com\/sagteleco.com\/wp-content\/uploads\/2017\/07\/IMG-20170718-WA0004.jpg?w=1600&amp;ssl=1 1600w\" sizes=\"auto, (max-width: 300px) 100vw, 300px\" \/><\/p>\n<p>Tras una revisi\u00f3n en el banco de pruebas se determina que la incidencia est\u00e1 en la fuente de alimentaci\u00f3n<\/p>\n<p><img data-recalc-dims=\"1\" loading=\"lazy\" decoding=\"async\" data-attachment-id=\"162\" data-permalink=\"https:\/\/sagteleco.com\/index.php\/2017\/07\/18\/taller-reparacion-amplificador-televes-kompact-5310\/img-20170718-wa0005\/#main\" data-orig-file=\"https:\/\/i0.wp.com\/sagteleco.com\/wp-content\/uploads\/2017\/07\/IMG-20170718-WA0005.jpg?fit=1600%2C843&amp;ssl=1\" data-orig-size=\"1600,843\" data-comments-opened=\"1\" data-image-meta=\"{&quot;aperture&quot;:&quot;0&quot;,&quot;credit&quot;:&quot;&quot;,&quot;camera&quot;:&quot;&quot;,&quot;caption&quot;:&quot;&quot;,&quot;created_timestamp&quot;:&quot;0&quot;,&quot;copyright&quot;:&quot;&quot;,&quot;focal_length&quot;:&quot;0&quot;,&quot;iso&quot;:&quot;0&quot;,&quot;shutter_speed&quot;:&quot;0&quot;,&quot;title&quot;:&quot;&quot;,&quot;orientation&quot;:&quot;0&quot;}\" data-image-title=\"IMG-20170718-WA0005\" data-image-description=\"\" data-image-caption=\"\" data-large-file=\"https:\/\/i0.wp.com\/sagteleco.com\/wp-content\/uploads\/2017\/07\/IMG-20170718-WA0005.jpg?fit=1024%2C540&amp;ssl=1\" class=\"alignnone size-medium wp-image-162\" src=\"https:\/\/i0.wp.com\/sagteleco.com\/blog\/wp-content\/uploads\/2017\/07\/IMG-20170718-WA0005-300x158.jpg?resize=300%2C158&#038;ssl=1\" alt=\"\" width=\"300\" height=\"158\" srcset=\"https:\/\/i0.wp.com\/sagteleco.com\/wp-content\/uploads\/2017\/07\/IMG-20170718-WA0005.jpg?resize=300%2C158&amp;ssl=1 300w, https:\/\/i0.wp.com\/sagteleco.com\/wp-content\/uploads\/2017\/07\/IMG-20170718-WA0005.jpg?resize=768%2C405&amp;ssl=1 768w, https:\/\/i0.wp.com\/sagteleco.com\/wp-content\/uploads\/2017\/07\/IMG-20170718-WA0005.jpg?resize=1024%2C540&amp;ssl=1 1024w, https:\/\/i0.wp.com\/sagteleco.com\/wp-content\/uploads\/2017\/07\/IMG-20170718-WA0005.jpg?resize=624%2C329&amp;ssl=1 624w, https:\/\/i0.wp.com\/sagteleco.com\/wp-content\/uploads\/2017\/07\/IMG-20170718-WA0005.jpg?w=1600&amp;ssl=1 1600w\" sizes=\"auto, (max-width: 300px) 100vw, 300px\" \/><\/p>\n<blockquote><p><span style=\"font-size: 1rem;\">\u00a0 Es habitual que este tipo de amplificadores sean desechados por aver\u00edas similares, cuando una reparaci\u00f3n correcta logra un \u00f3ptimo funcionamiento para varios a\u00f1os.<\/span><\/p><\/blockquote>\n<p>Tras cambios en los componentes averiados volvemos a colocar en la comunidad de propietarios. El ahorro es significativo pues un nuevo amplificador de esta clase supera los 300\u20ac de precio venta al p\u00fablico.<\/p>\n","protected":false},"excerpt":{"rendered":"<p>REPARAR NO CAMBIAR Cualquier instalador cambia equipos averiados. Pero la ventaja para nuestros clientes de disponer TALLER electr\u00f3nico hace<\/p>\n","protected":false},"author":1,"featured_media":0,"comment_status":"open","ping_status":"open","sticky":false,"template":"","format":"standard","meta":{"jetpack_post_was_ever_published":false,"_jetpack_newsletter_access":"","_jetpack_dont_email_post_to_subs":false,"_jetpack_newsletter_tier_id":0,"_jetpack_memberships_contains_paywalled_content":false,"_jetpack_memberships_contains_paid_content":false,"footnotes":"","jetpack_publicize_message":"","jetpack_publicize_feature_enabled":true,"jetpack_social_post_already_shared":true,"jetpack_social_options":{"image_generator_settings":{"template":"highway","default_image_id":0,"font":"","enabled":false},"version":2}},"categories":[18],"tags":[37,23,35,27,36],"class_list":["post-160","post","type-post","status-publish","format-standard","hentry","category-taller-electronica","tag-37","tag-averia","tag-kompact","tag-taller","tag-televes"],"jetpack_publicize_connections":[],"jetpack_featured_media_url":"","jetpack_sharing_enabled":true,"jetpack_shortlink":"https:\/\/wp.me\/p8WvG7-2A","jetpack-related-posts":[{"id":232,"url":"https:\/\/sagteleco.com\/index.php\/2017\/09\/22\/taller-teleco-averias-tras-corte-del-suministro-electrico\/","url_meta":{"origin":160,"position":0},"title":"TALLER-TELECO Aver\u00edas tras corte del suministro el\u00e9ctrico","author":"sagteleco@gmail.com","date":"22 septiembre, 2017","format":false,"excerpt":"Las aver\u00edas m\u00e1s comunes en los amplificadores comunitarios se producen tras un fallo en el suministro el\u00e9ctrico. Hay que diferenciar\u00a0el motivo del corte de suministro, si ha sido por una alteraci\u00f3n en el voltaje (bajada o subida de la tensi\u00f3n) o simple corte el\u00e9ctrico. Si el motivo ha sido la\u2026","rel":"","context":"En \u00abTaller Electronica\u00bb","block_context":{"text":"Taller Electronica","link":"https:\/\/sagteleco.com\/index.php\/category\/taller-electronica\/"},"img":{"alt_text":"","src":"https:\/\/i0.wp.com\/sagteleco.com\/blog\/wp-content\/uploads\/2017\/09\/tormenta-4_thumb2-300x274-300x274.jpg?resize=350%2C200&ssl=1","width":350,"height":200},"classes":[]},{"id":746,"url":"https:\/\/sagteleco.com\/index.php\/2023\/10\/30\/taller-las-ventajas-de-tener-un-taller-de-reparacion-propio\/","url_meta":{"origin":160,"position":1},"title":"TALLER &#8211; \u00abLas Ventajas de Tener un Taller de Reparaci\u00f3n Propio\u00bb","author":"sagteleco@gmail.com","date":"30 octubre, 2023","format":false,"excerpt":"En un mundo en constante evoluci\u00f3n, donde la electr\u00f3nica es fundamental, contar con un taller de reparaci\u00f3n interno ofrece ventajas, significativas t\u00e9cnicos como altamente calificados, servicio personalizado y r\u00e1pido, adaptaci\u00f3n a los cambios del mercado, control de calidad y costos. Esto garantiza un servicio de calidad, soluciones centradas en la\u2026","rel":"","context":"En \u00abTaller Electronica\u00bb","block_context":{"text":"Taller Electronica","link":"https:\/\/sagteleco.com\/index.php\/category\/taller-electronica\/"},"img":{"alt_text":"","src":"https:\/\/i0.wp.com\/sagteleco.com\/wp-content\/uploads\/2023\/10\/IMG_20201124_120437-scaled.jpg?fit=898%2C1200&ssl=1&resize=350%2C200","width":350,"height":200,"srcset":"https:\/\/i0.wp.com\/sagteleco.com\/wp-content\/uploads\/2023\/10\/IMG_20201124_120437-scaled.jpg?fit=898%2C1200&ssl=1&resize=350%2C200 1x, https:\/\/i0.wp.com\/sagteleco.com\/wp-content\/uploads\/2023\/10\/IMG_20201124_120437-scaled.jpg?fit=898%2C1200&ssl=1&resize=525%2C300 1.5x, https:\/\/i0.wp.com\/sagteleco.com\/wp-content\/uploads\/2023\/10\/IMG_20201124_120437-scaled.jpg?fit=898%2C1200&ssl=1&resize=700%2C400 2x"},"classes":[]},{"id":149,"url":"https:\/\/sagteleco.com\/index.php\/2017\/07\/16\/taller-dvb-t2-proximo-dolor-de-cabeza\/","url_meta":{"origin":160,"position":2},"title":"TALLER &#8211; DVB-T2 Pr\u00f3ximo dolor de cabeza","author":"sagteleco@gmail.com","date":"16 julio, 2017","format":false,"excerpt":"Nuestros clientes cuando deciden cambiar de TV bien por aver\u00eda irreparable o por modernizar sus equipos siempre nos hacen la misma pregunta \u00bfCual nos recomiendas? Uno de los puntos siempre olvidados es DVB-T2 \u00bfQu\u00e9 es DVB-T2? En la Wikipedia podemos ver que DVB-T2\u00a0son las siglas de\u00a0Digital Video Broadcasting \u2013 Terrestrial\u2026","rel":"","context":"En \u00abTaller Electronica\u00bb","block_context":{"text":"Taller Electronica","link":"https:\/\/sagteleco.com\/index.php\/category\/taller-electronica\/"},"img":{"alt_text":"","src":"","width":0,"height":0},"classes":[]},{"id":633,"url":"https:\/\/sagteleco.com\/index.php\/2020\/02\/15\/teleco-segundo-dividendo-digital-1a-parte\/","url_meta":{"origin":160,"position":3},"title":"TELECO- SEGUNDO DIVIDENDO DIGITAL 1\u00aa PARTE","author":"sagteleco@gmail.com","date":"15 febrero, 2020","format":false,"excerpt":"Introductorio al segundo dividendo digital. El Segundo Dividendo Digital es el conjunto de frecuencias de la banda 700 MHz que se va a liberar antes del 30 de junio de 2020 para los servicios de 5G. Esto ya ocurri\u00f3 a finales de 2014 y principios de 2015...","rel":"","context":"En \u00abTelecomunicaciones\u00bb","block_context":{"text":"Telecomunicaciones","link":"https:\/\/sagteleco.com\/index.php\/category\/telecomunicaciones\/"},"img":{"alt_text":"","src":"https:\/\/i0.wp.com\/sagteleco.com\/wp-content\/uploads\/2020\/02\/descarga-1.jpg?resize=350%2C200&ssl=1","width":350,"height":200},"classes":[]},{"id":779,"url":"https:\/\/sagteleco.com\/index.php\/2025\/04\/21\/779\/","url_meta":{"origin":160,"position":4},"title":"TELECO &#8211; Tecnolog\u00edas Actuales en la Transmisi\u00f3n TDT por UHF: Gu\u00eda para Instaladores en Don Benito y Comarca","author":"sagteleco@gmail.com","date":"21 abril, 2025","format":false,"excerpt":"\u00a0 \u00a0 La transmisi\u00f3n de televisi\u00f3n por UHF (Ultra High Frequency) ha experimentado una evoluci\u00f3n constante en los \u00faltimos a\u00f1os, transformando por completo el panorama audiovisual en Espa\u00f1a y, especialmente, en nuestra comarca de Don Benito y Villanueva de la Serena. Como instaladores especializados en telecomunicaciones, es fundamental comprender las\u2026","rel":"","context":"En \u00abTelecomunicaciones\u00bb","block_context":{"text":"Telecomunicaciones","link":"https:\/\/sagteleco.com\/index.php\/category\/telecomunicaciones\/"},"img":{"alt_text":"","src":"https:\/\/i0.wp.com\/sagteleco.com\/wp-content\/uploads\/2025\/04\/Gemini_1.jpeg?fit=1200%2C1200&ssl=1&resize=350%2C200","width":350,"height":200,"srcset":"https:\/\/i0.wp.com\/sagteleco.com\/wp-content\/uploads\/2025\/04\/Gemini_1.jpeg?fit=1200%2C1200&ssl=1&resize=350%2C200 1x, https:\/\/i0.wp.com\/sagteleco.com\/wp-content\/uploads\/2025\/04\/Gemini_1.jpeg?fit=1200%2C1200&ssl=1&resize=525%2C300 1.5x, https:\/\/i0.wp.com\/sagteleco.com\/wp-content\/uploads\/2025\/04\/Gemini_1.jpeg?fit=1200%2C1200&ssl=1&resize=700%2C400 2x, https:\/\/i0.wp.com\/sagteleco.com\/wp-content\/uploads\/2025\/04\/Gemini_1.jpeg?fit=1200%2C1200&ssl=1&resize=1050%2C600 3x"},"classes":[]},{"id":122,"url":"https:\/\/sagteleco.com\/index.php\/2017\/07\/11\/condiciones-de-garantia-polti\/","url_meta":{"origin":160,"position":5},"title":"Condiciones de garant\u00eda POLTI","author":"sagteleco@gmail.com","date":"11 julio, 2017","format":false,"excerpt":"Los productos POLTI dise\u00f1ados para uso dom\u00e9stico, est\u00e1n garantizados por 24 meses desde la fecha de adquisici\u00f3n original. Cualquier defecto proveniente de fallos en componentes o defectos de fabricaci\u00f3n ser\u00e1 reparado sin ning\u00fan tipo de cargo durante este periodo de tiempo. La garant\u00eda se hace efectiva desde la fecha de\u2026","rel":"","context":"En \u00abTaller Electronica\u00bb","block_context":{"text":"Taller Electronica","link":"https:\/\/sagteleco.com\/index.php\/category\/taller-electronica\/"},"img":{"alt_text":"","src":"https:\/\/i0.wp.com\/sagteleco.com\/blog\/wp-content\/uploads\/2017\/07\/logo-polti-300x84.png?resize=350%2C200&ssl=1","width":350,"height":200},"classes":[]}],"_links":{"self":[{"href":"https:\/\/sagteleco.com\/index.php\/wp-json\/wp\/v2\/posts\/160","targetHints":{"allow":["GET"]}}],"collection":[{"href":"https:\/\/sagteleco.com\/index.php\/wp-json\/wp\/v2\/posts"}],"about":[{"href":"https:\/\/sagteleco.com\/index.php\/wp-json\/wp\/v2\/types\/post"}],"author":[{"embeddable":true,"href":"https:\/\/sagteleco.com\/index.php\/wp-json\/wp\/v2\/users\/1"}],"replies":[{"embeddable":true,"href":"https:\/\/sagteleco.com\/index.php\/wp-json\/wp\/v2\/comments?post=160"}],"version-history":[{"count":4,"href":"https:\/\/sagteleco.com\/index.php\/wp-json\/wp\/v2\/posts\/160\/revisions"}],"predecessor-version":[{"id":166,"href":"https:\/\/sagteleco.com\/index.php\/wp-json\/wp\/v2\/posts\/160\/revisions\/166"}],"wp:attachment":[{"href":"https:\/\/sagteleco.com\/index.php\/wp-json\/wp\/v2\/media?parent=160"}],"wp:term":[{"taxonomy":"category","embeddable":true,"href":"https:\/\/sagteleco.com\/index.php\/wp-json\/wp\/v2\/categories?post=160"},{"taxonomy":"post_tag","embeddable":true,"href":"https:\/\/sagteleco.com\/index.php\/wp-json\/wp\/v2\/tags?post=160"}],"curies":[{"name":"wp","href":"https:\/\/api.w.org\/{rel}","templated":true}]}}