{"id":746,"date":"2023-10-30T08:35:00","date_gmt":"2023-10-30T07:35:00","guid":{"rendered":"https:\/\/sagteleco.com\/?p=746"},"modified":"2023-10-29T18:53:12","modified_gmt":"2023-10-29T17:53:12","slug":"taller-las-ventajas-de-tener-un-taller-de-reparacion-propio","status":"publish","type":"post","link":"https:\/\/sagteleco.com\/index.php\/2023\/10\/30\/taller-las-ventajas-de-tener-un-taller-de-reparacion-propio\/","title":{"rendered":"TALLER &#8211; \u00abLas Ventajas de Tener un Taller de Reparaci\u00f3n Propio\u00bb"},"content":{"rendered":"\n<p>En un mundo en constante evoluci\u00f3n, donde la electr\u00f3nica se ha convertido en una parte integral de nuestra vida cotidiana, la necesidad de un taller de reparaci\u00f3n propio se ha vuelto m\u00e1s evidente que nunca. La escasez de personal altamente calificado y talleres especializados para atender a los clientes finales en problemas de equipos electr\u00f3nicos ha generado una serie de desaf\u00edos. En este contexto, hemos optado por mantener un taller de reparaci\u00f3n interno, y a continuaci\u00f3n, exploraremos las ventajas significativas que esto brinda a nuestros clientes y a nosotros como proveedores de servicios electr\u00f3nicos.<\/p>\n\n\n\n<p><\/p>\n\n\n\n<p><\/p>\n\n\n\n<p><strong>1. Experiencia y Cualificaci\u00f3n de Nuestro Equipo:<\/strong><\/p>\n\n\n\n<p>Uno de los aspectos m\u00e1s destacados de contar con un taller de reparaci\u00f3n propio es la experiencia y cualificaci\u00f3n de nuestro equipo. Nuestros t\u00e9cnicos est\u00e1n altamente capacitados y tienen un profundo conocimiento en la reparaci\u00f3n de equipos electr\u00f3nicos. Esto se traduce en una soluci\u00f3n m\u00e1s r\u00e1pida y precisa para los problemas que puedan surgir en los dispositivos de nuestros clientes.<\/p>\n\n\n\n<p class=\"has-text-align-center\"><img data-recalc-dims=\"1\" loading=\"lazy\" decoding=\"async\" width=\"450\" height=\"601\" data-attachment-id=\"749\" data-permalink=\"https:\/\/sagteleco.com\/index.php\/2023\/10\/30\/taller-las-ventajas-de-tener-un-taller-de-reparacion-propio\/img_20201124_120437\/#main\" data-orig-file=\"https:\/\/i0.wp.com\/sagteleco.com\/wp-content\/uploads\/2023\/10\/IMG_20201124_120437-scaled.jpg?fit=1916%2C2560&amp;ssl=1\" data-orig-size=\"1916,2560\" data-comments-opened=\"1\" data-image-meta=\"{&quot;aperture&quot;:&quot;1.89&quot;,&quot;credit&quot;:&quot;&quot;,&quot;camera&quot;:&quot;Redmi Note 9 Pro&quot;,&quot;caption&quot;:&quot;&quot;,&quot;created_timestamp&quot;:&quot;1606219479&quot;,&quot;copyright&quot;:&quot;&quot;,&quot;focal_length&quot;:&quot;5.43&quot;,&quot;iso&quot;:&quot;105&quot;,&quot;shutter_speed&quot;:&quot;0.02&quot;,&quot;title&quot;:&quot;&quot;,&quot;orientation&quot;:&quot;1&quot;}\" data-image-title=\"IMG_20201124_120437\" data-image-description=\"\" data-image-caption=\"\" data-large-file=\"https:\/\/i0.wp.com\/sagteleco.com\/wp-content\/uploads\/2023\/10\/IMG_20201124_120437-scaled.jpg?fit=766%2C1024&amp;ssl=1\" class=\"wp-image-749\" style=\"width: 450px;\" src=\"https:\/\/i0.wp.com\/sagteleco.com\/wp-content\/uploads\/2023\/10\/IMG_20201124_120437-scaled.jpg?resize=450%2C601&#038;ssl=1\" alt=\"\" srcset=\"https:\/\/i0.wp.com\/sagteleco.com\/wp-content\/uploads\/2023\/10\/IMG_20201124_120437-scaled.jpg?w=1916&amp;ssl=1 1916w, https:\/\/i0.wp.com\/sagteleco.com\/wp-content\/uploads\/2023\/10\/IMG_20201124_120437-scaled.jpg?resize=224%2C300&amp;ssl=1 224w, https:\/\/i0.wp.com\/sagteleco.com\/wp-content\/uploads\/2023\/10\/IMG_20201124_120437-scaled.jpg?resize=766%2C1024&amp;ssl=1 766w, https:\/\/i0.wp.com\/sagteleco.com\/wp-content\/uploads\/2023\/10\/IMG_20201124_120437-scaled.jpg?resize=768%2C1026&amp;ssl=1 768w, https:\/\/i0.wp.com\/sagteleco.com\/wp-content\/uploads\/2023\/10\/IMG_20201124_120437-scaled.jpg?resize=1149%2C1536&amp;ssl=1 1149w, https:\/\/i0.wp.com\/sagteleco.com\/wp-content\/uploads\/2023\/10\/IMG_20201124_120437-scaled.jpg?resize=1532%2C2048&amp;ssl=1 1532w\" sizes=\"auto, (max-width: 450px) 100vw, 450px\" \/><\/p>\n\n\n\n<p><\/p>\n\n\n\n<p><\/p>\n\n\n\n<p><strong>2. Atenci\u00f3n Personalizada y R\u00e1pida:<\/strong><\/p>\n\n\n\n<p>La atenci\u00f3n personalizada es una ventaja clave de tener un taller de reparaci\u00f3n interno. Nuestros clientes no tienen que lidiar con intermediarios o largos tiempos de espera. Pueden comunicarse directamente con nuestro equipo de reparaci\u00f3n y recibir una respuesta r\u00e1pida a sus necesidades. Esto mejora significativamente la experiencia del cliente y garantiza una soluci\u00f3n m\u00e1s eficiente a sus problemas electr\u00f3nicos.<\/p>\n\n\n\n<p class=\"has-text-align-center\"><img data-recalc-dims=\"1\" loading=\"lazy\" decoding=\"async\" width=\"450\" height=\"237\" data-attachment-id=\"747\" data-permalink=\"https:\/\/sagteleco.com\/index.php\/2023\/10\/30\/taller-las-ventajas-de-tener-un-taller-de-reparacion-propio\/whatsapp-image-2017-06-30-at-19-43-04-2\/#main\" data-orig-file=\"https:\/\/i0.wp.com\/sagteleco.com\/wp-content\/uploads\/2023\/10\/WhatsApp-Image-2017-06-30-at-19.43.04.webp?fit=1200%2C632&amp;ssl=1\" data-orig-size=\"1200,632\" data-comments-opened=\"1\" data-image-meta=\"{&quot;aperture&quot;:&quot;0&quot;,&quot;credit&quot;:&quot;&quot;,&quot;camera&quot;:&quot;&quot;,&quot;caption&quot;:&quot;&quot;,&quot;created_timestamp&quot;:&quot;0&quot;,&quot;copyright&quot;:&quot;&quot;,&quot;focal_length&quot;:&quot;0&quot;,&quot;iso&quot;:&quot;0&quot;,&quot;shutter_speed&quot;:&quot;0&quot;,&quot;title&quot;:&quot;&quot;,&quot;orientation&quot;:&quot;0&quot;}\" data-image-title=\"WhatsApp-Image-2017-06-30-at-19.43.04\" data-image-description=\"\" data-image-caption=\"\" data-large-file=\"https:\/\/i0.wp.com\/sagteleco.com\/wp-content\/uploads\/2023\/10\/WhatsApp-Image-2017-06-30-at-19.43.04.webp?fit=1024%2C539&amp;ssl=1\" class=\"wp-image-747\" style=\"width: 450px;\" src=\"https:\/\/i0.wp.com\/sagteleco.com\/wp-content\/uploads\/2023\/10\/WhatsApp-Image-2017-06-30-at-19.43.04.webp?resize=450%2C237&#038;ssl=1\" alt=\"\" srcset=\"https:\/\/i0.wp.com\/sagteleco.com\/wp-content\/uploads\/2023\/10\/WhatsApp-Image-2017-06-30-at-19.43.04.webp?w=1200&amp;ssl=1 1200w, https:\/\/i0.wp.com\/sagteleco.com\/wp-content\/uploads\/2023\/10\/WhatsApp-Image-2017-06-30-at-19.43.04.webp?resize=300%2C158&amp;ssl=1 300w, https:\/\/i0.wp.com\/sagteleco.com\/wp-content\/uploads\/2023\/10\/WhatsApp-Image-2017-06-30-at-19.43.04.webp?resize=1024%2C539&amp;ssl=1 1024w, https:\/\/i0.wp.com\/sagteleco.com\/wp-content\/uploads\/2023\/10\/WhatsApp-Image-2017-06-30-at-19.43.04.webp?resize=768%2C404&amp;ssl=1 768w\" sizes=\"auto, (max-width: 450px) 100vw, 450px\" \/><img data-recalc-dims=\"1\" decoding=\"async\" class=\"wp-image-748\" style=\"width: 150px;\" src=\"https:\/\/i0.wp.com\/sagteleco.com\/wp-content\/uploads\/2023\/10\/WhatsApp-Image-2017-06-30-at-19.43.04-1.webp?w=1170&#038;ssl=1\" alt=\"\"><\/p>\n\n\n\n<p><\/p>\n\n\n\n<p><\/p>\n\n\n\n<p><strong>3. Adaptaci\u00f3n al Mercado Actual:<\/strong><\/p>\n\n\n\n<p>En el mercado actual, donde pr\u00e1cticamente todo est\u00e1 relacionado con la electr\u00f3nica, contar con un taller de reparaci\u00f3n propio es esencial. Los dispositivos electr\u00f3nicos desempe\u00f1an un papel central en la vida de las personas, y la capacidad de ofrecer soluciones de reparaci\u00f3n r\u00e1pidas y confiables es una ventaja competitiva significativa. Adem\u00e1s, la rapidez en la reparaci\u00f3n y la disponibilidad de servicios adicionales, como actualizaciones de software o mejoras, nos posiciona como una empresa moderna y orientada al cliente. Nuestra capacidad para adaptarnos a las demandas cambiantes del mercado nos permite mantenernos a la vanguardia en la industria de la electr\u00f3nica y brindar soluciones que se ajustan a las necesidades en constante evoluci\u00f3n de nuestros clientes.<\/p>\n\n\n\n<p><\/p>\n\n\n\n<p><\/p>\n\n\n\n<p><strong>4. Control de la Calidad y Costos:<\/strong><\/p>\n\n\n\n<p>Tener un taller de reparaci\u00f3n propio nos permite mantener un control total sobre la calidad de los servicios que ofrecemos. Podemos garantizar que los procedimientos de reparaci\u00f3n sigan los est\u00e1ndares m\u00e1s altos y que los componentes utilizados sean de calidad. Adem\u00e1s, podemos gestionar de manera eficaz los costos, lo que a menudo se traduce en tarifas de reparaci\u00f3n m\u00e1s competitivas para nuestros clientes.<\/p>\n\n\n\n<p><\/p>\n\n\n\n<p><\/p>\n\n\n\n<p class=\"has-text-align-center\"><img data-recalc-dims=\"1\" loading=\"lazy\" decoding=\"async\" width=\"450\" height=\"338\" data-attachment-id=\"452\" data-permalink=\"https:\/\/sagteleco.com\/index.php\/taller-de-electronica\/dav-18\/#main\" data-orig-file=\"https:\/\/i0.wp.com\/sagteleco.com\/wp-content\/uploads\/2017\/12\/IMG_20170704_091326.jpg?fit=4160%2C3120&amp;ssl=1\" data-orig-size=\"4160,3120\" data-comments-opened=\"1\" data-image-meta=\"{&quot;aperture&quot;:&quot;2&quot;,&quot;credit&quot;:&quot;&quot;,&quot;camera&quot;:&quot;HUAWEI VNS-L31&quot;,&quot;caption&quot;:&quot;dav&quot;,&quot;created_timestamp&quot;:&quot;1499159607&quot;,&quot;copyright&quot;:&quot;&quot;,&quot;focal_length&quot;:&quot;3.79&quot;,&quot;iso&quot;:&quot;320&quot;,&quot;shutter_speed&quot;:&quot;0.04&quot;,&quot;title&quot;:&quot;dav&quot;,&quot;orientation&quot;:&quot;1&quot;}\" data-image-title=\"dav\" data-image-description=\"\" data-image-caption=\"&lt;p&gt;dav&lt;\/p&gt;\n\" data-large-file=\"https:\/\/i0.wp.com\/sagteleco.com\/wp-content\/uploads\/2017\/12\/IMG_20170704_091326.jpg?fit=1024%2C768&amp;ssl=1\" class=\"wp-image-452\" style=\"width: 450px;\" src=\"https:\/\/i0.wp.com\/sagteleco.com\/wp-content\/uploads\/2017\/12\/IMG_20170704_091326.jpg?resize=450%2C338&#038;ssl=1\" alt=\"\" srcset=\"https:\/\/i0.wp.com\/sagteleco.com\/wp-content\/uploads\/2017\/12\/IMG_20170704_091326.jpg?w=4160&amp;ssl=1 4160w, https:\/\/i0.wp.com\/sagteleco.com\/wp-content\/uploads\/2017\/12\/IMG_20170704_091326.jpg?resize=300%2C225&amp;ssl=1 300w, https:\/\/i0.wp.com\/sagteleco.com\/wp-content\/uploads\/2017\/12\/IMG_20170704_091326.jpg?resize=768%2C576&amp;ssl=1 768w, https:\/\/i0.wp.com\/sagteleco.com\/wp-content\/uploads\/2017\/12\/IMG_20170704_091326.jpg?resize=1024%2C768&amp;ssl=1 1024w, https:\/\/i0.wp.com\/sagteleco.com\/wp-content\/uploads\/2017\/12\/IMG_20170704_091326.jpg?w=2340&amp;ssl=1 2340w, https:\/\/i0.wp.com\/sagteleco.com\/wp-content\/uploads\/2017\/12\/IMG_20170704_091326.jpg?w=3510&amp;ssl=1 3510w\" sizes=\"auto, (max-width: 450px) 100vw, 450px\" \/><\/p>\n\n\n\n<p><\/p>\n\n\n\n<p><a href=\"https:\/\/sagteleco.com\/index.php\/2017\/07\/18\/taller-reparacion-amplificador-televes-kompact-5310\/\" data-type=\"link\" data-id=\"https:\/\/sagteleco.com\/index.php\/2017\/07\/18\/taller-reparacion-amplificador-televes-kompact-5310\/\">https:\/\/sagteleco.com\/index.php\/2017\/07\/18\/taller-reparacion-amplificador-televes-kompact-5310\/<\/a><\/p>\n\n\n\n<p><\/p>\n\n\n\n<p><\/p>\n\n\n\n<p>Tener un taller de reparaci\u00f3n propio se ha convertido en una inversi\u00f3n esencial en un mundo donde la electr\u00f3nica es omnipresente. Nos permite ofrecer un servicio de alta calidad, atenci\u00f3n personalizada, y una respuesta r\u00e1pida a las necesidades de nuestros clientes, todo mientras mantenemos costos controlados. En un mercado donde la escasez de talleres de reparaci\u00f3n y personal cualificado es una preocupaci\u00f3n, nuestra capacidad para satisfacer estas necesidades nos distingue como un proveedor confiable y l\u00edder en el servicio de reparaci\u00f3n electr\u00f3nica.<\/p>\n","protected":false},"excerpt":{"rendered":"<p>En un mundo en constante evoluci\u00f3n, donde la electr\u00f3nica es fundamental, contar con un taller de reparaci\u00f3n interno ofrece ventajas, significativas t\u00e9cnicos como altamente calificados, servicio personalizado y r\u00e1pido, adaptaci\u00f3n a los cambios del mercado, control de calidad y costos. Esto garantiza un servicio de calidad, soluciones centradas en la clientela y costos.<\/p>\n","protected":false},"author":1,"featured_media":749,"comment_status":"open","ping_status":"open","sticky":false,"template":"","format":"standard","meta":{"jetpack_post_was_ever_published":false,"_jetpack_newsletter_access":"","_jetpack_dont_email_post_to_subs":false,"_jetpack_newsletter_tier_id":0,"_jetpack_memberships_contains_paywalled_content":false,"_jetpack_memberships_contains_paid_content":false,"footnotes":"","jetpack_publicize_message":"","jetpack_publicize_feature_enabled":true,"jetpack_social_post_already_shared":true,"jetpack_social_options":{"image_generator_settings":{"template":"highway","default_image_id":0,"font":"","enabled":false},"version":2}},"categories":[18],"tags":[109,21,27],"class_list":["post-746","post","type-post","status-publish","format-standard","has-post-thumbnail","hentry","category-taller-electronica","tag-electronica","tag-reparacion","tag-taller"],"jetpack_publicize_connections":[],"jetpack_featured_media_url":"https:\/\/i0.wp.com\/sagteleco.com\/wp-content\/uploads\/2023\/10\/IMG_20201124_120437-scaled.jpg?fit=1916%2C2560&ssl=1","jetpack_sharing_enabled":true,"jetpack_shortlink":"https:\/\/wp.me\/p8WvG7-c2","jetpack-related-posts":[{"id":232,"url":"https:\/\/sagteleco.com\/index.php\/2017\/09\/22\/taller-teleco-averias-tras-corte-del-suministro-electrico\/","url_meta":{"origin":746,"position":0},"title":"TALLER-TELECO Aver\u00edas tras corte del suministro el\u00e9ctrico","author":"sagteleco@gmail.com","date":"22 septiembre, 2017","format":false,"excerpt":"Las aver\u00edas m\u00e1s comunes en los amplificadores comunitarios se producen tras un fallo en el suministro el\u00e9ctrico. Hay que diferenciar\u00a0el motivo del corte de suministro, si ha sido por una alteraci\u00f3n en el voltaje (bajada o subida de la tensi\u00f3n) o simple corte el\u00e9ctrico. Si el motivo ha sido la\u2026","rel":"","context":"En \u00abTaller Electronica\u00bb","block_context":{"text":"Taller Electronica","link":"https:\/\/sagteleco.com\/index.php\/category\/taller-electronica\/"},"img":{"alt_text":"","src":"https:\/\/i0.wp.com\/sagteleco.com\/blog\/wp-content\/uploads\/2017\/09\/tormenta-4_thumb2-300x274-300x274.jpg?resize=350%2C200&ssl=1","width":350,"height":200},"classes":[]},{"id":160,"url":"https:\/\/sagteleco.com\/index.php\/2017\/07\/18\/taller-reparacion-amplificador-televes-kompact-5310\/","url_meta":{"origin":746,"position":1},"title":"TALLER &#8211; Reparaci\u00f3n Amplificador Televes Kompact 5310","author":"sagteleco@gmail.com","date":"18 julio, 2017","format":false,"excerpt":"REPARAR NO CAMBIAR Cualquier instalador cambia equipos averiados. Pero la ventaja para nuestros clientes de disponer TALLER electr\u00f3nico hace \u00a0que podamos dar otra soluci\u00f3n. En este caso reparar un amplificador Kompact televes 5310. Con el evidente ahorro econ\u00f3mico final. Y siempre garantizando el \u00f3ptimo funcionamiento. Tras el aviso del administrador\u2026","rel":"","context":"En \u00abTaller Electronica\u00bb","block_context":{"text":"Taller Electronica","link":"https:\/\/sagteleco.com\/index.php\/category\/taller-electronica\/"},"img":{"alt_text":"","src":"https:\/\/i0.wp.com\/sagteleco.com\/blog\/wp-content\/uploads\/2017\/07\/IMG-20170718-WA0004-300x158.jpg?resize=350%2C200&ssl=1","width":350,"height":200},"classes":[]},{"id":122,"url":"https:\/\/sagteleco.com\/index.php\/2017\/07\/11\/condiciones-de-garantia-polti\/","url_meta":{"origin":746,"position":2},"title":"Condiciones de garant\u00eda POLTI","author":"sagteleco@gmail.com","date":"11 julio, 2017","format":false,"excerpt":"Los productos POLTI dise\u00f1ados para uso dom\u00e9stico, est\u00e1n garantizados por 24 meses desde la fecha de adquisici\u00f3n original. Cualquier defecto proveniente de fallos en componentes o defectos de fabricaci\u00f3n ser\u00e1 reparado sin ning\u00fan tipo de cargo durante este periodo de tiempo. La garant\u00eda se hace efectiva desde la fecha de\u2026","rel":"","context":"En \u00abTaller Electronica\u00bb","block_context":{"text":"Taller Electronica","link":"https:\/\/sagteleco.com\/index.php\/category\/taller-electronica\/"},"img":{"alt_text":"","src":"https:\/\/i0.wp.com\/sagteleco.com\/blog\/wp-content\/uploads\/2017\/07\/logo-polti-300x84.png?resize=350%2C200&ssl=1","width":350,"height":200},"classes":[]},{"id":586,"url":"https:\/\/sagteleco.com\/index.php\/2018\/03\/26\/cctv-alarmas-sin-coutas\/","url_meta":{"origin":746,"position":3},"title":"CCTV- ALARMAS SIN CUOTAS","author":"sagteleco@gmail.com","date":"26 marzo, 2018","format":false,"excerpt":"Desde SAGTELECO, empresa instaladora de Telecomunicaciones y de Video-Vigilancia, vamos a impulsar una nueva linea de negocios \u00edntimamente ligada a la v\u00eddeo vigilancia, los sistemas de ALARMAS SIN CUOTAS. Como siempre usando la tecnolog\u00eda m\u00e1s fiable, certificada y profesional ajustada a las necesidades de nuestros clientes. Sabemos desde nuestra experiencia\u2026","rel":"","context":"En \u00abAlarmas\u00bb","block_context":{"text":"Alarmas","link":"https:\/\/sagteleco.com\/index.php\/category\/alarmas\/"},"img":{"alt_text":"","src":"https:\/\/i0.wp.com\/sagteleco.com\/wp-content\/uploads\/2018\/03\/5296.500x0.jpg?resize=350%2C200&ssl=1","width":350,"height":200},"classes":[]},{"id":149,"url":"https:\/\/sagteleco.com\/index.php\/2017\/07\/16\/taller-dvb-t2-proximo-dolor-de-cabeza\/","url_meta":{"origin":746,"position":4},"title":"TALLER &#8211; DVB-T2 Pr\u00f3ximo dolor de cabeza","author":"sagteleco@gmail.com","date":"16 julio, 2017","format":false,"excerpt":"Nuestros clientes cuando deciden cambiar de TV bien por aver\u00eda irreparable o por modernizar sus equipos siempre nos hacen la misma pregunta \u00bfCual nos recomiendas? Uno de los puntos siempre olvidados es DVB-T2 \u00bfQu\u00e9 es DVB-T2? En la Wikipedia podemos ver que DVB-T2\u00a0son las siglas de\u00a0Digital Video Broadcasting \u2013 Terrestrial\u2026","rel":"","context":"En \u00abTaller Electronica\u00bb","block_context":{"text":"Taller Electronica","link":"https:\/\/sagteleco.com\/index.php\/category\/taller-electronica\/"},"img":{"alt_text":"","src":"","width":0,"height":0},"classes":[]},{"id":175,"url":"https:\/\/sagteleco.com\/index.php\/2017\/07\/23\/cctv-h-264-h-264-plus-ventajas\/","url_meta":{"origin":746,"position":5},"title":"CCTV &#8211; H.264+ \/ H.264 plus VENTAJAS","author":"sagteleco@gmail.com","date":"23 julio, 2017","format":false,"excerpt":"La evoluci\u00f3n del H.264+ o H.264 plus es algo que se hace imprescindible para en los equipos de baja y media gama. Debido a su\u00a0ahorro en ancho de banda y espacio de almacenamiento. Podemos encontrar como h.264+, h.264 plus o smart codec. \u00bfQue es? Es una combinaci\u00f3n de tecnolog\u00edas en\u2026","rel":"","context":"En \u00abCCTV\u00bb","block_context":{"text":"CCTV","link":"https:\/\/sagteleco.com\/index.php\/category\/cctv\/"},"img":{"alt_text":"","src":"https:\/\/i0.wp.com\/sagteleco.com\/blog\/wp-content\/uploads\/2017\/07\/500px-settings-300x119.png?resize=350%2C200&ssl=1","width":350,"height":200},"classes":[]}],"_links":{"self":[{"href":"https:\/\/sagteleco.com\/index.php\/wp-json\/wp\/v2\/posts\/746","targetHints":{"allow":["GET"]}}],"collection":[{"href":"https:\/\/sagteleco.com\/index.php\/wp-json\/wp\/v2\/posts"}],"about":[{"href":"https:\/\/sagteleco.com\/index.php\/wp-json\/wp\/v2\/types\/post"}],"author":[{"embeddable":true,"href":"https:\/\/sagteleco.com\/index.php\/wp-json\/wp\/v2\/users\/1"}],"replies":[{"embeddable":true,"href":"https:\/\/sagteleco.com\/index.php\/wp-json\/wp\/v2\/comments?post=746"}],"version-history":[{"count":1,"href":"https:\/\/sagteleco.com\/index.php\/wp-json\/wp\/v2\/posts\/746\/revisions"}],"predecessor-version":[{"id":750,"href":"https:\/\/sagteleco.com\/index.php\/wp-json\/wp\/v2\/posts\/746\/revisions\/750"}],"wp:featuredmedia":[{"embeddable":true,"href":"https:\/\/sagteleco.com\/index.php\/wp-json\/wp\/v2\/media\/749"}],"wp:attachment":[{"href":"https:\/\/sagteleco.com\/index.php\/wp-json\/wp\/v2\/media?parent=746"}],"wp:term":[{"taxonomy":"category","embeddable":true,"href":"https:\/\/sagteleco.com\/index.php\/wp-json\/wp\/v2\/categories?post=746"},{"taxonomy":"post_tag","embeddable":true,"href":"https:\/\/sagteleco.com\/index.php\/wp-json\/wp\/v2\/tags?post=746"}],"curies":[{"name":"wp","href":"https:\/\/api.w.org\/{rel}","templated":true}]}}